[{"@context":"https:\/\/schema.org\/","@type":"Blog","@id":"https:\/\/www.belagio.cz#Blog","headline":"Belagio design","description":"\nWeb\u016f je na internetu nespo\u010det. To nen\u00ed \u017e\u00e1dn\u00e9 tajemstv\u00ed. A kdy\u017e na nich hled\u00e1me my lid\u00e9 pomoc, pro kter\u00fd se rozhodnout? Odpov\u011b\u010f je jasn\u00e1 \u2013 pro tento.","url":"https:\/\/www.belagio.cz","hasPart":[{"@type":"Article","@id":"https:\/\/www.belagio.cz\/youtube-konicek-nebo-zamestnani\/","headline":"YouTube, kon\u00ed\u010dek nebo zam\u011bstn\u00e1n\u00ed?","url":"https:\/\/www.belagio.cz\/youtube-konicek-nebo-zamestnani\/","datePublished":"2019-06-12","dateModified":"2019-06-12","mainEntityOfPage":"https:\/\/www.belagio.cz\/youtube-konicek-nebo-zamestnani\/","author":{"@type":"Person","@id":"https:\/\/www.belagio.cz\/author\/#Person","name":"","url":"https:\/\/www.belagio.cz\/author\/","identifier":1,"image":{"@type":"ImageObject","@id":"https:\/\/secure.gravatar.com\/avatar\/087c2e57f451bc02fa8017914855d7c40cf6c7d5dc1637b868e007adc26322d1?s=96&d=mm&r=g","url":"https:\/\/secure.gravatar.com\/avatar\/087c2e57f451bc02fa8017914855d7c40cf6c7d5dc1637b868e007adc26322d1?s=96&d=mm&r=g","height":96,"width":96}},"publisher":{"@type":"Organization","name":"belagio.cz","logo":{"@type":"ImageObject","@id":"\/logo.png","url":"\/logo.png","width":600,"height":60}},"image":{"@type":"ImageObject","@id":"https:\/\/www.belagio.cz\/wp-content\/uploads\/img_a348884_w2754_t1563697019.jpg","url":"https:\/\/www.belagio.cz\/wp-content\/uploads\/img_a348884_w2754_t1563697019.jpg","height":0,"width":0},"wordCount":4486,"keywords":null},{"@type":"Article","@id":"https:\/\/www.belagio.cz\/jet-na-dovolenou-s-cestovni-kancelari-nebo-na-vlastni-pest\/","headline":"Jet na dovolenou s cestovn\u00ed kancel\u00e1\u0159\u00ed nebo na vlastn\u00ed p\u011bst?","url":"https:\/\/www.belagio.cz\/jet-na-dovolenou-s-cestovni-kancelari-nebo-na-vlastni-pest\/","datePublished":"2019-05-02","dateModified":"2019-05-02","mainEntityOfPage":"https:\/\/www.belagio.cz\/jet-na-dovolenou-s-cestovni-kancelari-nebo-na-vlastni-pest\/","author":{"@type":"Person","@id":"https:\/\/www.belagio.cz\/author\/#Person","name":"","url":"https:\/\/www.belagio.cz\/author\/","identifier":1,"image":{"@type":"ImageObject","@id":"https:\/\/secure.gravatar.com\/avatar\/087c2e57f451bc02fa8017914855d7c40cf6c7d5dc1637b868e007adc26322d1?s=96&d=mm&r=g","url":"https:\/\/secure.gravatar.com\/avatar\/087c2e57f451bc02fa8017914855d7c40cf6c7d5dc1637b868e007adc26322d1?s=96&d=mm&r=g","height":96,"width":96}},"publisher":{"@type":"Organization","name":"belagio.cz","logo":{"@type":"ImageObject","@id":"\/logo.png","url":"\/logo.png","width":600,"height":60}},"image":{"@type":"ImageObject","@id":"https:\/\/www.belagio.cz\/wp-content\/uploads\/img_a345405_w2789_t1559060398.jpg","url":"https:\/\/www.belagio.cz\/wp-content\/uploads\/img_a345405_w2789_t1559060398.jpg","height":0,"width":0},"wordCount":4449,"keywords":null},{"@type":"Article","@id":"https:\/\/www.belagio.cz\/vhodne-pro-sportovani\/","headline":"Vhodn\u00e9 pro sportov\u00e1n\u00ed","url":"https:\/\/www.belagio.cz\/vhodne-pro-sportovani\/","datePublished":"2019-02-26","dateModified":"2019-02-26","mainEntityOfPage":"https:\/\/www.belagio.cz\/vhodne-pro-sportovani\/","author":{"@type":"Person","@id":"https:\/\/www.belagio.cz\/author\/#Person","name":"","url":"https:\/\/www.belagio.cz\/author\/","identifier":1,"image":{"@type":"ImageObject","@id":"https:\/\/secure.gravatar.com\/avatar\/087c2e57f451bc02fa8017914855d7c40cf6c7d5dc1637b868e007adc26322d1?s=96&d=mm&r=g","url":"https:\/\/secure.gravatar.com\/avatar\/087c2e57f451bc02fa8017914855d7c40cf6c7d5dc1637b868e007adc26322d1?s=96&d=mm&r=g","height":96,"width":96}},"publisher":{"@type":"Organization","name":"belagio.cz","logo":{"@type":"ImageObject","@id":"\/logo.png","url":"\/logo.png","width":600,"height":60}},"image":{"@type":"ImageObject","@id":"https:\/\/www.belagio.cz\/wp-content\/uploads\/img_a338491_w2714_t1551191056.jpg","url":"https:\/\/www.belagio.cz\/wp-content\/uploads\/img_a338491_w2714_t1551191056.jpg","height":0,"width":0},"wordCount":513,"keywords":null},{"@type":"Article","@id":"https:\/\/www.belagio.cz\/prospesny-celemu-telu\/","headline":"Prosp\u011b\u0161n\u00fd cel\u00e9mu t\u011blu","url":"https:\/\/www.belagio.cz\/prospesny-celemu-telu\/","datePublished":"2019-02-19","dateModified":"2019-02-19","mainEntityOfPage":"https:\/\/www.belagio.cz\/prospesny-celemu-telu\/","author":{"@type":"Person","@id":"https:\/\/www.belagio.cz\/author\/#Person","name":"","url":"https:\/\/www.belagio.cz\/author\/","identifier":1,"image":{"@type":"ImageObject","@id":"https:\/\/secure.gravatar.com\/avatar\/087c2e57f451bc02fa8017914855d7c40cf6c7d5dc1637b868e007adc26322d1?s=96&d=mm&r=g","url":"https:\/\/secure.gravatar.com\/avatar\/087c2e57f451bc02fa8017914855d7c40cf6c7d5dc1637b868e007adc26322d1?s=96&d=mm&r=g","height":96,"width":96}},"publisher":{"@type":"Organization","name":"belagio.cz","logo":{"@type":"ImageObject","@id":"\/logo.png","url":"\/logo.png","width":600,"height":60}},"image":{"@type":"ImageObject","@id":"https:\/\/www.belagio.cz\/wp-content\/uploads\/img_a337191_w2132_t1550415942.jpg","url":"https:\/\/www.belagio.cz\/wp-content\/uploads\/img_a337191_w2132_t1550415942.jpg","height":0,"width":0},"wordCount":4484,"keywords":null},{"@type":"Article","@id":"https:\/\/www.belagio.cz\/vareni-je-zabava\/","headline":"Va\u0159en\u00ed je z\u00e1bava","url":"https:\/\/www.belagio.cz\/vareni-je-zabava\/","datePublished":"2019-01-30","dateModified":"2019-01-30","mainEntityOfPage":"https:\/\/www.belagio.cz\/vareni-je-zabava\/","author":{"@type":"Person","@id":"https:\/\/www.belagio.cz\/author\/#Person","name":"","url":"https:\/\/www.belagio.cz\/author\/","identifier":1,"image":{"@type":"ImageObject","@id":"https:\/\/secure.gravatar.com\/avatar\/087c2e57f451bc02fa8017914855d7c40cf6c7d5dc1637b868e007adc26322d1?s=96&d=mm&r=g","url":"https:\/\/secure.gravatar.com\/avatar\/087c2e57f451bc02fa8017914855d7c40cf6c7d5dc1637b868e007adc26322d1?s=96&d=mm&r=g","height":96,"width":96}},"publisher":{"@type":"Organization","name":"belagio.cz","logo":{"@type":"ImageObject","@id":"\/logo.png","url":"\/logo.png","width":600,"height":60}},"image":{"@type":"ImageObject","@id":"https:\/\/www.belagio.cz\/wp-content\/uploads\/img_a341290_w2922_t1553975440.jpg","url":"https:\/\/www.belagio.cz\/wp-content\/uploads\/img_a341290_w2922_t1553975440.jpg","height":0,"width":0},"wordCount":609,"keywords":null},{"@type":"Article","@id":"https:\/\/www.belagio.cz\/prakticke-i-vkusne\/","headline":"Praktick\u00e9 i vkusn\u00e9","url":"https:\/\/www.belagio.cz\/prakticke-i-vkusne\/","datePublished":"2018-12-02","dateModified":"2018-12-02","mainEntityOfPage":"https:\/\/www.belagio.cz\/prakticke-i-vkusne\/","author":{"@type":"Person","@id":"https:\/\/www.belagio.cz\/author\/#Person","name":"","url":"https:\/\/www.belagio.cz\/author\/","identifier":1,"image":{"@type":"ImageObject","@id":"https:\/\/secure.gravatar.com\/avatar\/087c2e57f451bc02fa8017914855d7c40cf6c7d5dc1637b868e007adc26322d1?s=96&d=mm&r=g","url":"https:\/\/secure.gravatar.com\/avatar\/087c2e57f451bc02fa8017914855d7c40cf6c7d5dc1637b868e007adc26322d1?s=96&d=mm&r=g","height":96,"width":96}},"publisher":{"@type":"Organization","name":"belagio.cz","logo":{"@type":"ImageObject","@id":"\/logo.png","url":"\/logo.png","width":600,"height":60}},"image":{"@type":"ImageObject","@id":"https:\/\/www.belagio.cz\/wp-content\/uploads\/img_a332555_w2132_t1545423957.png","url":"https:\/\/www.belagio.cz\/wp-content\/uploads\/img_a332555_w2132_t1545423957.png","height":0,"width":0},"wordCount":498,"keywords":null},{"@type":"Article","@id":"https:\/\/www.belagio.cz\/mobilni-domy\/","headline":"Mobiln\u00ed domy","url":"https:\/\/www.belagio.cz\/mobilni-domy\/","datePublished":"2018-08-22","dateModified":"2018-08-22","mainEntityOfPage":"https:\/\/www.belagio.cz\/mobilni-domy\/","author":{"@type":"Person","@id":"https:\/\/www.belagio.cz\/author\/#Person","name":"","url":"https:\/\/www.belagio.cz\/author\/","identifier":1,"image":{"@type":"ImageObject","@id":"https:\/\/secure.gravatar.com\/avatar\/087c2e57f451bc02fa8017914855d7c40cf6c7d5dc1637b868e007adc26322d1?s=96&d=mm&r=g","url":"https:\/\/secure.gravatar.com\/avatar\/087c2e57f451bc02fa8017914855d7c40cf6c7d5dc1637b868e007adc26322d1?s=96&d=mm&r=g","height":96,"width":96}},"publisher":{"@type":"Organization","name":"belagio.cz","logo":{"@type":"ImageObject","@id":"\/logo.png","url":"\/logo.png","width":600,"height":60}},"image":{"@type":"ImageObject","@id":"https:\/\/www.belagio.cz\/wp-content\/uploads\/img_a323893_w2028_t1535617605.jpg","url":"https:\/\/www.belagio.cz\/wp-content\/uploads\/img_a323893_w2028_t1535617605.jpg","height":0,"width":0},"wordCount":531,"keywords":null},{"@type":"Article","@id":"https:\/\/www.belagio.cz\/vzpominky-jsou-tou-nejvetsi-prekazkou\/","headline":"Vzpom\u00ednky jsou tou nejv\u011bt\u0161\u00ed p\u0159ek\u00e1\u017ekou","url":"https:\/\/www.belagio.cz\/vzpominky-jsou-tou-nejvetsi-prekazkou\/","datePublished":"2018-08-20","dateModified":"2018-08-20","mainEntityOfPage":"https:\/\/www.belagio.cz\/vzpominky-jsou-tou-nejvetsi-prekazkou\/","author":{"@type":"Person","@id":"https:\/\/www.belagio.cz\/author\/#Person","name":"","url":"https:\/\/www.belagio.cz\/author\/","identifier":1,"image":{"@type":"ImageObject","@id":"https:\/\/secure.gravatar.com\/avatar\/087c2e57f451bc02fa8017914855d7c40cf6c7d5dc1637b868e007adc26322d1?s=96&d=mm&r=g","url":"https:\/\/secure.gravatar.com\/avatar\/087c2e57f451bc02fa8017914855d7c40cf6c7d5dc1637b868e007adc26322d1?s=96&d=mm&r=g","height":96,"width":96}},"publisher":{"@type":"Organization","name":"belagio.cz","logo":{"@type":"ImageObject","@id":"\/logo.png","url":"\/logo.png","width":600,"height":60}},"image":{"@type":"ImageObject","@id":"https:\/\/www.belagio.cz\/wp-content\/uploads\/img_a323595_w2132_t1535357316.jpg","url":"https:\/\/www.belagio.cz\/wp-content\/uploads\/img_a323595_w2132_t1535357316.jpg","height":0,"width":0},"wordCount":529,"keywords":null},{"@type":"Article","@id":"https:\/\/www.belagio.cz\/obyvaci-pokoj-ktery-nema-chybu\/","headline":"Ob\u00fdvac\u00ed pokoj, kter\u00fd nem\u00e1 chybu","url":"https:\/\/www.belagio.cz\/obyvaci-pokoj-ktery-nema-chybu\/","datePublished":"2018-06-01","dateModified":"2018-06-01","mainEntityOfPage":"https:\/\/www.belagio.cz\/obyvaci-pokoj-ktery-nema-chybu\/","author":{"@type":"Person","@id":"https:\/\/www.belagio.cz\/author\/#Person","name":"","url":"https:\/\/www.belagio.cz\/author\/","identifier":1,"image":{"@type":"ImageObject","@id":"https:\/\/secure.gravatar.com\/avatar\/087c2e57f451bc02fa8017914855d7c40cf6c7d5dc1637b868e007adc26322d1?s=96&d=mm&r=g","url":"https:\/\/secure.gravatar.com\/avatar\/087c2e57f451bc02fa8017914855d7c40cf6c7d5dc1637b868e007adc26322d1?s=96&d=mm&r=g","height":96,"width":96}},"publisher":{"@type":"Organization","name":"belagio.cz","logo":{"@type":"ImageObject","@id":"\/logo.png","url":"\/logo.png","width":600,"height":60}},"image":{"@type":"ImageObject","@id":"https:\/\/www.belagio.cz\/wp-content\/uploads\/img_a319829_w2132_t1530907190.jpg","url":"https:\/\/www.belagio.cz\/wp-content\/uploads\/img_a319829_w2132_t1530907190.jpg","height":0,"width":0},"wordCount":622,"keywords":null},{"@type":"Article","@id":"https:\/\/www.belagio.cz\/sul-k-zivotu-potrebujeme\/","headline":"S\u016fl k \u017eivotu pot\u0159ebujeme","url":"https:\/\/www.belagio.cz\/sul-k-zivotu-potrebujeme\/","datePublished":"2018-06-01","dateModified":"2018-06-01","mainEntityOfPage":"https:\/\/www.belagio.cz\/sul-k-zivotu-potrebujeme\/","author":{"@type":"Person","@id":"https:\/\/www.belagio.cz\/author\/#Person","name":"","url":"https:\/\/www.belagio.cz\/author\/","identifier":1,"image":{"@type":"ImageObject","@id":"https:\/\/secure.gravatar.com\/avatar\/087c2e57f451bc02fa8017914855d7c40cf6c7d5dc1637b868e007adc26322d1?s=96&d=mm&r=g","url":"https:\/\/secure.gravatar.com\/avatar\/087c2e57f451bc02fa8017914855d7c40cf6c7d5dc1637b868e007adc26322d1?s=96&d=mm&r=g","height":96,"width":96}},"publisher":{"@type":"Organization","name":"belagio.cz","logo":{"@type":"ImageObject","@id":"\/logo.png","url":"\/logo.png","width":600,"height":60}},"image":{"@type":"ImageObject","@id":"https:\/\/www.belagio.cz\/wp-content\/uploads\/img_a320023_w2435_t1531212418.jpg","url":"https:\/\/www.belagio.cz\/wp-content\/uploads\/img_a320023_w2435_t1531212418.jpg","height":0,"width":0},"wordCount":620,"keywords":null}]},{"@context":"https:\/\/schema.org","@type":"WebSite","@id":"https:\/\/www.belagio.cz\/#website","name":"Belagio design","url":"https:\/\/www.belagio.cz","potentialAction":{"@type":"SearchAction","target":"https:\/\/www.belagio.cz\/?s={search_term_string}","query-input":"required name=search_term_string"}}]